{"id":8701,"date":"2023-08-22T09:12:00","date_gmt":"2023-08-22T07:12:00","guid":{"rendered":"https:\/\/www.chateaucoutet.com\/?p=8701"},"modified":"2023-09-07T17:22:23","modified_gmt":"2023-09-07T15:22:23","slug":"vinum-weissweine-trocken-und-edelsuss","status":"publish","type":"post","link":"https:\/\/www.chateaucoutet.com\/en\/2023\/08\/vinum-weissweine-trocken-und-edelsuss\/","title":{"rendered":"Vinum &#8211; Weissweine Trocken Und Edels\u00fcss"},"content":{"rendered":"\n<p><strong>Opalie de Ch\u00e2teau Coutet 2022: 17.5\/20<\/strong><br>Aromen von Bluten und Zitrusfr\u00fcchten; frischer Auftakt, fruchtige Entwicklung, von beeindruckender F\u00fclle, tragende Struktur, sp\u00fcbarer Mineralit\u00e4t und idealer L\u00e4nge; hervorragend gemacht und voller Charakter.<br><em>Ar\u00f4mes de fleurs et d\u2019agrumes, attaque fra\u00eeche, \u00e9volution sur les fruits, opulence impressionnante, charpente solide, min\u00e9ralit\u00e9 prononc\u00e9e et longueur id\u00e9ale ; un vin de caract\u00e8re merveilleusement bien fait.<\/em><\/p>\n<p><br><strong>Ch\u00e2teau Coutet 2022: 17\/20<\/strong><br>Zur\u00fcckhaltende Aromatik, interessante Ausbauw\u00fcze; im Mund von \u00f6liger F\u00fclle, mit pr\u00e4sentem S\u00fcsskomplex und sp\u00fcbarer, zarter Bitternote, die im Finale f\u00fcr Frische sorgt; wirkt noch sehr verschlossen, verdient daher etwas Flaschnreife.<br><em>Profil aromatique en retenue, notes \u00e9pic\u00e9es int\u00e9ressantes dues \u00e0 l\u2019\u00e9levage ; beaucoup de gras en bouche, sucres r\u00e9siduels perceptibles et amertume d\u00e9licate qui apporte de la fra\u00eecheur en fin de bouche ; encore tr\u00e8s ferm\u00e9, ce vin doit vieillir un peu en bouteille.<\/em><\/p>\n<p><br>Rolf Bischel &amp; Barbara Schroeder<\/p>\n","protected":false},"excerpt":{"rendered":"<p>Opalie de Ch\u00e2teau Coutet 2022: 17.5\/20Aromen von Bluten und Zitrusfr\u00fcchten; frischer Auftakt, fruchtige Entwicklung, von beeindruckender F\u00fclle, tragende Struktur, sp\u00fcbarer Mineralit\u00e4t und idealer L\u00e4nge; hervorragend gemacht und voller Charakter.Ar\u00f4mes de fleurs et d\u2019agrumes, attaque fra\u00eeche, \u00e9volution sur les fruits, opulence impressionnante, charpente solide, min\u00e9ralit\u00e9 prononc\u00e9e et longueur id\u00e9ale ; un vin de caract\u00e8re merveilleusement bien [&hellip;]<\/p>\n","protected":false},"author":2,"featured_media":2716,"comment_status":"open","ping_status":"open","sticky":false,"template":"","format":"standard","meta":{"_acf_changed":false,"footnotes":""},"categories":[14],"tags":[],"class_list":["post-8701","post","type-post","status-publish","format-standard","has-post-thumbnail","hentry","category-cat_press"],"acf":[],"aioseo_notices":[],"_links":{"self":[{"href":"https:\/\/www.chateaucoutet.com\/en\/wp-json\/wp\/v2\/posts\/8701","targetHints":{"allow":["GET"]}}],"collection":[{"href":"https:\/\/www.chateaucoutet.com\/en\/wp-json\/wp\/v2\/posts"}],"about":[{"href":"https:\/\/www.chateaucoutet.com\/en\/wp-json\/wp\/v2\/types\/post"}],"author":[{"embeddable":true,"href":"https:\/\/www.chateaucoutet.com\/en\/wp-json\/wp\/v2\/users\/2"}],"replies":[{"embeddable":true,"href":"https:\/\/www.chateaucoutet.com\/en\/wp-json\/wp\/v2\/comments?post=8701"}],"version-history":[{"count":2,"href":"https:\/\/www.chateaucoutet.com\/en\/wp-json\/wp\/v2\/posts\/8701\/revisions"}],"predecessor-version":[{"id":8705,"href":"https:\/\/www.chateaucoutet.com\/en\/wp-json\/wp\/v2\/posts\/8701\/revisions\/8705"}],"wp:featuredmedia":[{"embeddable":true,"href":"https:\/\/www.chateaucoutet.com\/en\/wp-json\/wp\/v2\/media\/2716"}],"wp:attachment":[{"href":"https:\/\/www.chateaucoutet.com\/en\/wp-json\/wp\/v2\/media?parent=8701"}],"wp:term":[{"taxonomy":"category","embeddable":true,"href":"https:\/\/www.chateaucoutet.com\/en\/wp-json\/wp\/v2\/categories?post=8701"},{"taxonomy":"post_tag","embeddable":true,"href":"https:\/\/www.chateaucoutet.com\/en\/wp-json\/wp\/v2\/tags?post=8701"}],"curies":[{"name":"wp","href":"https:\/\/api.w.org\/{rel}","templated":true}]}}